[{"@context":"https:\/\/schema.org\/","@type":"Article","@id":"https:\/\/www.cdvera.es\/vacaciones-de-verano-y-de-invierno\/#Article","mainEntityOfPage":"https:\/\/www.cdvera.es\/vacaciones-de-verano-y-de-invierno\/","headline":"Vacaciones de verano y de invierno","name":"Vacaciones de verano y de invierno","description":"Seguro que a ti tambi\u00e9n te gusta ir de vacaciones. Por ejemplo, a m\u00ed me gusta quedarme en el campo, no me gustan los largos desplazamientos y me da miedo volar. \u00bfHas viajado alguna vez en avi\u00f3n? Si es as\u00ed, estupendo. Mucha gente viaja en avi\u00f3n.Por fin he superado mi miedo y puedo volar tambi\u00e9n [&hellip;]","datePublished":"2023-07-15","dateModified":"2023-07-15","author":{"@type":"Person","@id":"https:\/\/www.cdvera.es\/author\/#Person","name":"","url":"https:\/\/www.cdvera.es\/author\/","identifier":1,"image":{"@type":"ImageObject","@id":"https:\/\/secure.gravatar.com\/avatar\/9bd672608a9ea50cfcb35956b7f63dacf48dece49eb907e6bdd72bedd9991f24?s=96&d=mm&r=g","url":"https:\/\/secure.gravatar.com\/avatar\/9bd672608a9ea50cfcb35956b7f63dacf48dece49eb907e6bdd72bedd9991f24?s=96&d=mm&r=g","height":96,"width":96}},"publisher":{"@type":"Organization","name":"cdvera.es","logo":{"@type":"ImageObject","@id":"\/logo.png","url":"\/logo.png","width":600,"height":60}},"image":{"@type":"ImageObject","@id":"https:\/\/www.cdvera.es\/wp-content\/uploads\/beach-418742_960_720_1.jpg","url":"https:\/\/www.cdvera.es\/wp-content\/uploads\/beach-418742_960_720_1.jpg","height":0,"width":0},"url":"https:\/\/www.cdvera.es\/vacaciones-de-verano-y-de-invierno\/","about":["Vacaciones"],"wordCount":302,"articleBody":"Seguro que a ti tambi\u00e9n te gusta ir de vacaciones. Por ejemplo, a m\u00ed me gusta quedarme en el campo, no me gustan los largos desplazamientos y me da miedo volar. \u00bfHas viajado alguna vez en avi\u00f3n? Si es as\u00ed, estupendo. Mucha gente viaja en avi\u00f3n.Por fin he superado mi miedo y puedo volar tambi\u00e9n en vacaciones.  Pero tengo mucho miedo y mis amigos dicen que deber\u00eda ir a un psic\u00f3logo para dejar de tener miedo a volar. Pero no s\u00e9 si podr\u00e9 hacerlo. Si no puedo, entonces el dinero que pague por el psic\u00f3logo habr\u00e1 sido en vano. Pero volviendo a los viajes, hay mucha gente en AK que quiz\u00e1 ni siquiera se vaya de vacaciones, que quiz\u00e1 no disfrute de las vacaciones en absoluto, que quiz\u00e1 no tenga con qui\u00e9n ir, que quiz\u00e1 no tenga con qui\u00e9n volar en vacaciones. Depende del tiempo y de d\u00f3nde se sientan m\u00e1s atra\u00eddos.\u00bfQu\u00e9 tipo de clima te gusta m\u00e1s? A algunas personas les gusta esquiar o algo as\u00ed, a otras les gusta tomar el sol o nadar? As\u00ed que es l\u00f3gico que alguien que quiera esquiar o patinar vaya a alg\u00fan sitio de vacaciones de invierno. La gente que quiere tomar el sol y nadar ir\u00e1 a alg\u00fan lugar junto al mar en sus vacaciones de verano. Y este es mi caso. Me gusta nadar, tomar el sol en la playa y beber buenas bebidas en la playa. Pero a mi pareja le gusta el invierno, as\u00ed que vamos mucho al mar, sobre todo a Espa\u00f1a, donde vamos de vacaciones dos veces al a\u00f1o. Tambi\u00e9n vamos a la monta\u00f1a en invierno, que tambi\u00e9n le gusta a mi pareja.                                                                                                                                                                                                                                                                                                                                                                                        3.9\/5 - (16 votes)        "},{"@context":"https:\/\/schema.org\/","@type":"BreadcrumbList","itemListElement":[{"@type":"ListItem","position":1,"name":"Vacaciones de verano y de invierno","item":"https:\/\/www.cdvera.es\/vacaciones-de-verano-y-de-invierno\/#breadcrumbitem"}]}]