[{"@context":"https:\/\/schema.org\/","@type":"Article","@id":"https:\/\/www.cdvera.es\/cuidado-con-los-coches\/#Article","mainEntityOfPage":"https:\/\/www.cdvera.es\/cuidado-con-los-coches\/","headline":"Cuidado con los coches","name":"Cuidado con los coches","description":"Hoy en d\u00eda no podemos vivir sin coches. Porque desde mi punto de vista, necesito un coche. Reparto paquetes. Trabajo para una empresa y reparto paquetes que la gente encarga. Siempre quise conducir un coche, pero a veces no pod\u00eda. Si la gente supiera cu\u00e1nto tard\u00e9 en sacarme el carn\u00e9, probablemente se reir\u00edan. Me saqu\u00e9 [&hellip;]","datePublished":"2022-07-06","dateModified":"2022-07-06","author":{"@type":"Person","@id":"https:\/\/www.cdvera.es\/author\/#Person","name":"","url":"https:\/\/www.cdvera.es\/author\/","identifier":1,"image":{"@type":"ImageObject","@id":"https:\/\/secure.gravatar.com\/avatar\/9bd672608a9ea50cfcb35956b7f63dacf48dece49eb907e6bdd72bedd9991f24?s=96&d=mm&r=g","url":"https:\/\/secure.gravatar.com\/avatar\/9bd672608a9ea50cfcb35956b7f63dacf48dece49eb907e6bdd72bedd9991f24?s=96&d=mm&r=g","height":96,"width":96}},"publisher":{"@type":"Organization","name":"cdvera.es","logo":{"@type":"ImageObject","@id":"\/logo.png","url":"\/logo.png","width":600,"height":60}},"image":{"@type":"ImageObject","@id":"https:\/\/www.cdvera.es\/wp-content\/uploads\/coupe-1374441_1280.jpg","url":"https:\/\/www.cdvera.es\/wp-content\/uploads\/coupe-1374441_1280.jpg","height":0,"width":0},"url":"https:\/\/www.cdvera.es\/cuidado-con-los-coches\/","about":["Auto"],"wordCount":292,"articleBody":"Hoy en d\u00eda no podemos vivir sin coches. Porque desde mi punto de vista, necesito un coche. Reparto paquetes. Trabajo para una empresa y reparto paquetes que la gente encarga. Siempre quise conducir un coche, pero a veces no pod\u00eda. Si la gente supiera cu\u00e1nto tard\u00e9 en sacarme el carn\u00e9, probablemente se reir\u00edan. Me saqu\u00e9 el carn\u00e9 por quinta vez y pens\u00e9 que era normal. As\u00ed que pens\u00e9 que primero deb\u00eda pensar qu\u00e9 y c\u00f3mo iba a sac\u00e1rmelo\u00bb.Realmente no quer\u00eda conducir un coche en primer lugar. Ni siquiera quer\u00eda hacer de repartidor. Pero quiz\u00e1 fuera una coincidencia. Un amigo m\u00edo mont\u00f3 un negocio de reparto de mercanc\u00edas. Y como yo acababa de quedarme sin trabajo, mi amigo me sugiri\u00f3 que, ya que ten\u00eda carn\u00e9 de conducir, podr\u00eda repartir paquetes para su empresa. Pens\u00e9 que podr\u00eda intentarlo. Siempre pod\u00eda dejar mi trabajo. Al final, me gust\u00f3 mucho la empresa de mi amiga. Me qued\u00e9 all\u00ed en parte porque el sueldo era bueno. La paga era realmente muy buena.  As\u00ed que pod\u00eda permitirme unas buenas vacaciones en el extranjero. \u00bfPero para volver al coche? Por supuesto, tienes que cuidar tu coche. Te preocupas por el estado de tu coche, \u00bfverdad? Si tu coche no est\u00e1 en buenas condiciones, por supuesto no debes conducirlo por la v\u00eda p\u00fablica. S\u00f3lo los veh\u00edculos aptos para el uso al que est\u00e1n destinados pueden circular por la carretera. Puede circular por la carretera. Por ejemplo, supongamos que tiene un coche que se ha averiado. Luego tuvo un accidente. La compa\u00f1\u00eda de seguros no lo pagar\u00eda. Sobre todo si el coche estaba mal inspeccionado.                                                                                                                                                                                                                                                                                                                                                                                        4.5\/5 - (13 votes)        "},{"@context":"https:\/\/schema.org\/","@type":"BreadcrumbList","itemListElement":[{"@type":"ListItem","position":1,"name":"Cuidado con los coches","item":"https:\/\/www.cdvera.es\/cuidado-con-los-coches\/#breadcrumbitem"}]}]