{"@context":"https:\/\/schema.org\/","@type":"CollectionPage","@id":"https:\/\/www.cdvera.es\/auto\/#CollectionPage","headline":"Auto Category","description":"","url":"https:\/\/www.cdvera.es\/auto\/","hasPart":[{"@type":"Article","@id":"https:\/\/www.cdvera.es\/lide-a-veroba-aut\/","headline":"Lid\u00e9 a v\u011broba aut","url":"https:\/\/www.cdvera.es\/lide-a-veroba-aut\/","datePublished":"2024-04-29","dateModified":"2024-04-29","mainEntityOfPage":"https:\/\/www.cdvera.es\/lide-a-veroba-aut\/","author":{"@type":"Person","@id":"https:\/\/www.cdvera.es\/author\/#Person","name":"","url":"https:\/\/www.cdvera.es\/author\/","identifier":1,"image":{"@type":"ImageObject","@id":"https:\/\/secure.gravatar.com\/avatar\/9bd672608a9ea50cfcb35956b7f63dacf48dece49eb907e6bdd72bedd9991f24?s=96&d=mm&r=g","url":"https:\/\/secure.gravatar.com\/avatar\/9bd672608a9ea50cfcb35956b7f63dacf48dece49eb907e6bdd72bedd9991f24?s=96&d=mm&r=g","height":96,"width":96}},"publisher":{"@type":"Organization","name":"cdvera.es","logo":{"@type":"ImageObject","@id":"\/logo.png","url":"\/logo.png","width":600,"height":60}},"image":{"@type":"ImageObject","@id":"https:\/\/www.cdvera.es\/wp-content\/uploads\/worker-5736096_640_2.jpg","url":"https:\/\/www.cdvera.es\/wp-content\/uploads\/worker-5736096_640_2.jpg","height":0,"width":0},"keywords":null},{"@type":"Article","@id":"https:\/\/www.cdvera.es\/dikyididicaku-mzete-ziskat-pracci\/","headline":"d\u00edkyididi\u010d\u00e1ku m\u30fc\u017eete z\u00edskat pr\u00e1cci","url":"https:\/\/www.cdvera.es\/dikyididicaku-mzete-ziskat-pracci\/","datePublished":"2024-01-04","dateModified":"2024-01-04","mainEntityOfPage":"https:\/\/www.cdvera.es\/dikyididicaku-mzete-ziskat-pracci\/","author":{"@type":"Person","@id":"https:\/\/www.cdvera.es\/author\/#Person","name":"","url":"https:\/\/www.cdvera.es\/author\/","identifier":1,"image":{"@type":"ImageObject","@id":"https:\/\/secure.gravatar.com\/avatar\/9bd672608a9ea50cfcb35956b7f63dacf48dece49eb907e6bdd72bedd9991f24?s=96&d=mm&r=g","url":"https:\/\/secure.gravatar.com\/avatar\/9bd672608a9ea50cfcb35956b7f63dacf48dece49eb907e6bdd72bedd9991f24?s=96&d=mm&r=g","height":96,"width":96}},"publisher":{"@type":"Organization","name":"cdvera.es","logo":{"@type":"ImageObject","@id":"\/logo.png","url":"\/logo.png","width":600,"height":60}},"image":{"@type":"ImageObject","@id":"https:\/\/www.cdvera.es\/wp-content\/uploads\/audi_10_3.jpg","url":"https:\/\/www.cdvera.es\/wp-content\/uploads\/audi_10_3.jpg","height":0,"width":0},"keywords":null},{"@type":"Article","@id":"https:\/\/www.cdvera.es\/cada-minuto-es-nuestro-exito\/","headline":"Cada minuto es nuestro \u00e9xito","url":"https:\/\/www.cdvera.es\/cada-minuto-es-nuestro-exito\/","datePublished":"2023-10-15","dateModified":"2023-10-15","mainEntityOfPage":"https:\/\/www.cdvera.es\/cada-minuto-es-nuestro-exito\/","author":{"@type":"Person","@id":"https:\/\/www.cdvera.es\/author\/#Person","name":"","url":"https:\/\/www.cdvera.es\/author\/","identifier":1,"image":{"@type":"ImageObject","@id":"https:\/\/secure.gravatar.com\/avatar\/9bd672608a9ea50cfcb35956b7f63dacf48dece49eb907e6bdd72bedd9991f24?s=96&d=mm&r=g","url":"https:\/\/secure.gravatar.com\/avatar\/9bd672608a9ea50cfcb35956b7f63dacf48dece49eb907e6bdd72bedd9991f24?s=96&d=mm&r=g","height":96,"width":96}},"publisher":{"@type":"Organization","name":"cdvera.es","logo":{"@type":"ImageObject","@id":"\/logo.png","url":"\/logo.png","width":600,"height":60}},"image":{"@type":"ImageObject","@id":"https:\/\/www.cdvera.es\/wp-content\/uploads\/audi_10_10.jpg","url":"https:\/\/www.cdvera.es\/wp-content\/uploads\/audi_10_10.jpg","height":0,"width":0},"keywords":null},{"@type":"Article","@id":"https:\/\/www.cdvera.es\/coches-nuevos\/","headline":"Coches nuevos","url":"https:\/\/www.cdvera.es\/coches-nuevos\/","datePublished":"2023-06-11","dateModified":"2023-06-11","mainEntityOfPage":"https:\/\/www.cdvera.es\/coches-nuevos\/","author":{"@type":"Person","@id":"https:\/\/www.cdvera.es\/author\/#Person","name":"","url":"https:\/\/www.cdvera.es\/author\/","identifier":1,"image":{"@type":"ImageObject","@id":"https:\/\/secure.gravatar.com\/avatar\/9bd672608a9ea50cfcb35956b7f63dacf48dece49eb907e6bdd72bedd9991f24?s=96&d=mm&r=g","url":"https:\/\/secure.gravatar.com\/avatar\/9bd672608a9ea50cfcb35956b7f63dacf48dece49eb907e6bdd72bedd9991f24?s=96&d=mm&r=g","height":96,"width":96}},"publisher":{"@type":"Organization","name":"cdvera.es","logo":{"@type":"ImageObject","@id":"\/logo.png","url":"\/logo.png","width":600,"height":60}},"image":{"@type":"ImageObject","@id":"https:\/\/www.cdvera.es\/wp-content\/uploads\/car-5548242_1280_8.jpg","url":"https:\/\/www.cdvera.es\/wp-content\/uploads\/car-5548242_1280_8.jpg","height":0,"width":0},"keywords":null},{"@type":"Article","@id":"https:\/\/www.cdvera.es\/son-realmente-necesarios-los-coches-hoy-en-dia\/","headline":"\u00bfSon realmente necesarios los coches hoy en d\u00eda?","url":"https:\/\/www.cdvera.es\/son-realmente-necesarios-los-coches-hoy-en-dia\/","datePublished":"2023-04-20","dateModified":"2023-04-20","mainEntityOfPage":"https:\/\/www.cdvera.es\/son-realmente-necesarios-los-coches-hoy-en-dia\/","author":{"@type":"Person","@id":"https:\/\/www.cdvera.es\/author\/#Person","name":"","url":"https:\/\/www.cdvera.es\/author\/","identifier":1,"image":{"@type":"ImageObject","@id":"https:\/\/secure.gravatar.com\/avatar\/9bd672608a9ea50cfcb35956b7f63dacf48dece49eb907e6bdd72bedd9991f24?s=96&d=mm&r=g","url":"https:\/\/secure.gravatar.com\/avatar\/9bd672608a9ea50cfcb35956b7f63dacf48dece49eb907e6bdd72bedd9991f24?s=96&d=mm&r=g","height":96,"width":96}},"publisher":{"@type":"Organization","name":"cdvera.es","logo":{"@type":"ImageObject","@id":"\/logo.png","url":"\/logo.png","width":600,"height":60}},"image":{"@type":"ImageObject","@id":"https:\/\/www.cdvera.es\/wp-content\/uploads\/auto20_2.jpg","url":"https:\/\/www.cdvera.es\/wp-content\/uploads\/auto20_2.jpg","height":0,"width":0},"keywords":null},{"@type":"Article","@id":"https:\/\/www.cdvera.es\/que-coche-me-compro\/","headline":"\u00bfQu\u00e9 coche me compro?","url":"https:\/\/www.cdvera.es\/que-coche-me-compro\/","datePublished":"2022-08-22","dateModified":"2022-08-22","mainEntityOfPage":"https:\/\/www.cdvera.es\/que-coche-me-compro\/","author":{"@type":"Person","@id":"https:\/\/www.cdvera.es\/author\/#Person","name":"","url":"https:\/\/www.cdvera.es\/author\/","identifier":1,"image":{"@type":"ImageObject","@id":"https:\/\/secure.gravatar.com\/avatar\/9bd672608a9ea50cfcb35956b7f63dacf48dece49eb907e6bdd72bedd9991f24?s=96&d=mm&r=g","url":"https:\/\/secure.gravatar.com\/avatar\/9bd672608a9ea50cfcb35956b7f63dacf48dece49eb907e6bdd72bedd9991f24?s=96&d=mm&r=g","height":96,"width":96}},"publisher":{"@type":"Organization","name":"cdvera.es","logo":{"@type":"ImageObject","@id":"\/logo.png","url":"\/logo.png","width":600,"height":60}},"image":{"@type":"ImageObject","@id":"https:\/\/www.cdvera.es\/wp-content\/uploads\/tesla-1738969_640(1)_1.jpg","url":"https:\/\/www.cdvera.es\/wp-content\/uploads\/tesla-1738969_640(1)_1.jpg","height":0,"width":0},"keywords":null},{"@type":"Article","@id":"https:\/\/www.cdvera.es\/el-invierno-tiene-sus-ventajas-y-sus-inconvenientes\/","headline":"El invierno tiene sus ventajas y sus inconvenientes","url":"https:\/\/www.cdvera.es\/el-invierno-tiene-sus-ventajas-y-sus-inconvenientes\/","datePublished":"2022-08-08","dateModified":"2022-08-08","mainEntityOfPage":"https:\/\/www.cdvera.es\/el-invierno-tiene-sus-ventajas-y-sus-inconvenientes\/","author":{"@type":"Person","@id":"https:\/\/www.cdvera.es\/author\/#Person","name":"","url":"https:\/\/www.cdvera.es\/author\/","identifier":1,"image":{"@type":"ImageObject","@id":"https:\/\/secure.gravatar.com\/avatar\/9bd672608a9ea50cfcb35956b7f63dacf48dece49eb907e6bdd72bedd9991f24?s=96&d=mm&r=g","url":"https:\/\/secure.gravatar.com\/avatar\/9bd672608a9ea50cfcb35956b7f63dacf48dece49eb907e6bdd72bedd9991f24?s=96&d=mm&r=g","height":96,"width":96}},"publisher":{"@type":"Organization","name":"cdvera.es","logo":{"@type":"ImageObject","@id":"\/logo.png","url":"\/logo.png","width":600,"height":60}},"image":{"@type":"ImageObject","@id":"https:\/\/www.cdvera.es\/wp-content\/uploads\/snow-1281636_1280_6.jpg_1..jpg","url":"https:\/\/www.cdvera.es\/wp-content\/uploads\/snow-1281636_1280_6.jpg_1..jpg","height":0,"width":0},"keywords":null},{"@type":"Article","@id":"https:\/\/www.cdvera.es\/cuidado-con-los-coches\/","headline":"Cuidado con los coches","url":"https:\/\/www.cdvera.es\/cuidado-con-los-coches\/","datePublished":"2022-07-06","dateModified":"2022-07-06","mainEntityOfPage":"https:\/\/www.cdvera.es\/cuidado-con-los-coches\/","author":{"@type":"Person","@id":"https:\/\/www.cdvera.es\/author\/#Person","name":"","url":"https:\/\/www.cdvera.es\/author\/","identifier":1,"image":{"@type":"ImageObject","@id":"https:\/\/secure.gravatar.com\/avatar\/9bd672608a9ea50cfcb35956b7f63dacf48dece49eb907e6bdd72bedd9991f24?s=96&d=mm&r=g","url":"https:\/\/secure.gravatar.com\/avatar\/9bd672608a9ea50cfcb35956b7f63dacf48dece49eb907e6bdd72bedd9991f24?s=96&d=mm&r=g","height":96,"width":96}},"publisher":{"@type":"Organization","name":"cdvera.es","logo":{"@type":"ImageObject","@id":"\/logo.png","url":"\/logo.png","width":600,"height":60}},"image":{"@type":"ImageObject","@id":"https:\/\/www.cdvera.es\/wp-content\/uploads\/coupe-1374441_1280.jpg","url":"https:\/\/www.cdvera.es\/wp-content\/uploads\/coupe-1374441_1280.jpg","height":0,"width":0},"keywords":null},{"@type":"Article","@id":"https:\/\/www.cdvera.es\/ir-al-trabajo-en-coche\/","headline":"Ir al trabajo en coche","url":"https:\/\/www.cdvera.es\/ir-al-trabajo-en-coche\/","datePublished":"2022-03-07","dateModified":"2022-03-07","mainEntityOfPage":"https:\/\/www.cdvera.es\/ir-al-trabajo-en-coche\/","author":{"@type":"Person","@id":"https:\/\/www.cdvera.es\/author\/#Person","name":"","url":"https:\/\/www.cdvera.es\/author\/","identifier":1,"image":{"@type":"ImageObject","@id":"https:\/\/secure.gravatar.com\/avatar\/9bd672608a9ea50cfcb35956b7f63dacf48dece49eb907e6bdd72bedd9991f24?s=96&d=mm&r=g","url":"https:\/\/secure.gravatar.com\/avatar\/9bd672608a9ea50cfcb35956b7f63dacf48dece49eb907e6bdd72bedd9991f24?s=96&d=mm&r=g","height":96,"width":96}},"publisher":{"@type":"Organization","name":"cdvera.es","logo":{"@type":"ImageObject","@id":"\/logo.png","url":"\/logo.png","width":600,"height":60}},"image":{"@type":"ImageObject","@id":"https:\/\/www.cdvera.es\/wp-content\/uploads\/autohaus-2138927_1280.jpg","url":"https:\/\/www.cdvera.es\/wp-content\/uploads\/autohaus-2138927_1280.jpg","height":0,"width":0},"keywords":null}]}